{"id":2409,"date":"2026-04-29T13:45:13","date_gmt":"2026-04-29T13:45:13","guid":{"rendered":"https:\/\/cretelovers.com\/que-faire-matala-visiter\/"},"modified":"2026-04-29T14:21:47","modified_gmt":"2026-04-29T14:21:47","slug":"sevardheter-matala-att-gora","status":"publish","type":"post","link":"https:\/\/cretelovers.com\/sv\/sevardheter-matala-att-gora\/","title":{"rendered":"12 sev\u00e4rdheter i Matala (+foton)"},"content":{"rendered":"\n<p>Planerar du en resa till Kreta? <strong>Matala<\/strong>, en liten kustby p\u00e5 s\u00f6dra delen av \u00f6n, \u00e4r en av v\u00e5ra st\u00f6rsta uppt\u00e4ckter. Vi blev f\u00f6rf\u00f6rda av de ber\u00f6mda <strong>grottorna som \u00e4r uthuggna i klipporna<\/strong>, den <strong>gyllene stranden<\/strong>, den <strong>bohemiska atmosf\u00e4ren<\/strong> som \u00e4rvts fr\u00e5n hippie\u00e5ren och den r\u00e5a sk\u00f6nheten i <strong>landskapet<\/strong> mellan havet och bergen. <\/p>\n\n<p>Uppt\u00e4ck v\u00e5ra id\u00e9er om <strong>vad du kan g\u00f6ra i Matala<\/strong>, illustrerade med foton som f\u00e5r dig att vilja \u00e5ka dit. Bonus: anv\u00e4ndbara tips och extra aktiviteter.<\/p>\n\n<figure class=\"wp-block-image size-full\"><img decoding=\"async\" src=\"https:\/\/cretelovers.com\/wp-content\/uploads\/2026\/04\/sevardheter-Matala-att-gora.jpg\" alt=\"vad man ska g&#xF6;ra Matala m&#xE5;ste-se\" class=\"wp-image-2372\"\/><\/figure>\n\n<p>Detta \u00e4r en helt <strong>oberoende<\/strong> \u00e5sikt, baserad p\u00e5 v\u00e5r egen erfarenhet. Vi bes\u00f6kte regionen anonymt, gjorde v\u00e5ra egna val och betalade v\u00e5ra r\u00e4kningar till fullo.<\/p>\n\n<h2 class=\"wp-block-heading\">1. Beundra grottorna i Matala<\/h2>\n\n<figure class=\"wp-block-image size-large\"><img decoding=\"async\" src=\"https:\/\/photos.smugmug.com\/Crete\/Matala\/Beach\/i-JNbS69w\/0\/KXnXCnbPCJVSdPBXbN9bVfVsmmwFcvjjmMPfMPtKx\/L\/Matala-beach-crete-greece-6491-L.jpg\" alt=\"Matalas grottor  \"\/><\/figure>\n\n<h3 class=\"wp-block-heading\">Varf\u00f6r bes\u00f6ka?<\/h3>\n\n<p>Grottorna i Matala \u00e4r utan tvekan byns mest symboliska sev\u00e4rdhet. Dessa grottor, som \u00e4r uthuggna i sandstensklipporna med utsikt \u00f6ver stranden, anv\u00e4ndes som gravar under romersk och f\u00f6rhistorisk tid. P\u00e5 1960- och 1970-talen blev de tillflyktsort f\u00f6r ett internationellt hippiesamh\u00e4lle som levde d\u00e4r i full frihet.    <\/p>\n\n<p>Vi slogs av den speciella atmosf\u00e4ren som kommer fr\u00e5n dessa grottor, en kombination av gammal historia och minnen fr\u00e5n en tid av protester. Man kan kl\u00e4ttra fr\u00e5n en grotta till en annan och se sp\u00e5ren efter de olika inv\u00e5narna. Fr\u00e5n platsen har man ocks\u00e5 ett f\u00e5gelperspektiv \u00f6ver Matala Bay, vars turkosa vatten kontrasterar mot klippornas ockraf\u00e4rgade stenar.  <\/p>\n\n<figure class=\"wp-block-image size-large\"><img decoding=\"async\" src=\"https:\/\/photos.smugmug.com\/Crete\/Matala\/Beach\/i-VmZMJcH\/0\/MXkJp5vCTccmb4V9M5DXwQVXZBCVV3Kst55rZ2ZWk\/L\/Matala-beach-crete-greece-6552-L.jpg\" alt=\"Matalas grottor  \"\/><\/figure>\n\n<h3 class=\"wp-block-heading\">Praktiska r\u00e5d<\/h3>\n\n<ul class=\"wp-block-list\">\n<li>L\u00e4ngd p\u00e5 bes\u00f6ket: R\u00e4kna med ca 30 min till 1 timme f\u00f6r att utforska grottorna och njuta av utsikten.<\/li>\n\n\n\n<li>Tider: Kontrolleras p\u00e5 plats. Platsen \u00e4r i allm\u00e4nhet tillg\u00e4nglig under dagen. <\/li>\n\n\n\n<li>Sv\u00e5righeter och tillg\u00e4nglighet f\u00f6r funktionshindrade: Grottorna n\u00e5s via en stenig stig och oj\u00e4mna trappsteg. Inte l\u00e4mplig f\u00f6r personer med nedsatt r\u00f6rlighet.  Ta med bra skor.<\/li>\n\n\n\n<li>Pris: 5 euro<\/li>\n\n\n\n<li>Tillg\u00e5ng: Grottorna ligger vid den norra \u00e4nden av Matalas huvudstrand, inom g\u00e5ngavst\u00e5nd fr\u00e5n byn.<\/li>\n<\/ul>\n\n<div style=\"background-color:#ffffff;margin-top:8%;margin-bottom:8%\" class=\"wp-block-genesis-blocks-gb-container box gb-block-container\"><div class=\"gb-container-inside\"><div class=\"gb-container-content\" style=\"max-width:700px\">\n<div class=\"wp-block-columns is-not-stacked-on-mobile texte_planif has-background is-layout-flex wp-container-core-columns-is-layout-9d6595d7 wp-block-columns-is-layout-flex\" style=\"background-color:#e32d401f\">\n<div class=\"wp-block-column img_icone is-layout-flow wp-block-column-is-layout-flow\" style=\"flex-basis:25%\"><div class=\"wp-block-image image_icone\">\n<figure class=\"aligncenter size-full is-resized\"><img loading=\"lazy\" decoding=\"async\" width=\"400\" height=\"400\" src=\"https:\/\/cretelovers.com\/wp-content\/uploads\/2026\/01\/crete-plane-2.png\" alt=\"platt kreta\" class=\"wp-image-1494\" style=\"object-fit:cover;width:100px;height:100px\" srcset=\"https:\/\/cretelovers.com\/wp-content\/uploads\/2026\/01\/crete-plane-2.png 400w, https:\/\/cretelovers.com\/wp-content\/uploads\/2026\/01\/crete-plane-2-300x300.png 300w, https:\/\/cretelovers.com\/wp-content\/uploads\/2026\/01\/crete-plane-2-150x150.png 150w, https:\/\/cretelovers.com\/wp-content\/uploads\/2026\/01\/crete-plane-2-75x75.png 75w\" sizes=\"auto, (max-width: 400px) 100vw, 400px\" \/><\/figure>\n<\/div><\/div>\n\n\n\n<div class=\"wp-block-column is-vertically-aligned-center paragraphe_une is-layout-flow wp-block-column-is-layout-flow\" style=\"flex-basis:90%\">\n<p style=\"font-size:16px\">Det \u00e4r dags att boka!<br\/><a href=\"https:\/\/skyscanner.pxf.io\/dONaXy\" target=\"_blank\" rel=\"noreferrer noopener sponsored nofollow\"><strong>J\u00e4mf\u00f6r allt:<\/strong> bolag, priser, tidtabeller och tillg\u00e4nglighet.<\/a><\/p>\n<\/div>\n<\/div>\n<\/div><\/div><\/div>\n\n<h2 class=\"wp-block-heading\">2. Simma och koppla av p\u00e5 Matalas huvudstrand<\/h2>\n\n<figure class=\"wp-block-image size-large\"><img decoding=\"async\" src=\"https:\/\/photos.smugmug.com\/Crete\/Matala\/Beach\/i-5PZWmPH\/0\/MVNKdDKGcgnHNN5xM3mnQ9949mrL2pbgXZMfqzfST\/L\/Matala-beach-crete-greece-7384-L.jpg\" alt=\"Matala Beach  \"\/><\/figure>\n\n<h3 class=\"wp-block-heading\">Varf\u00f6r bes\u00f6ka?<\/h3>\n\n<p>Matalas huvudstrand \u00e4r en av de <a href=\"https:\/\/cretelovers.com\/sv\/basta-stranderna-kreta\/\" type=\"post\" id=\"1311\" target=\"_blank\" rel=\"noreferrer noopener\">vackraste badplatserna p\u00e5 s\u00f6dra Kreta<\/a>. Den gyllene sanden och de sm\u00e5 stenarna avgr\u00e4nsas av klippor med grottor p\u00e5 ena sidan och byn p\u00e5 den andra, vilket ger en sl\u00e5ende naturlig inramning. Vi \u00e4lskade det klara vattnet som var perfekt f\u00f6r att simma och snorkla l\u00e4ngs klipporna.    <\/p>\n\n<p>Du kan hyra solstolar och parasoller f\u00f6r en lat dag med utsikt \u00f6ver Libyska havet. Atmosf\u00e4ren \u00e4r avslappnad, precis som i sj\u00e4lva byn. I slutet av dagen \u00e4r stranden ocks\u00e5 den perfekta platsen f\u00f6r att titta p\u00e5 solnedg\u00e5ngens f\u00e4rger som \u00e5terspeglas p\u00e5 klipporna.  <\/p>\n\n<figure class=\"wp-block-image size-large\"><img decoding=\"async\" src=\"https:\/\/photos.smugmug.com\/Crete\/Matala\/Beach\/i-TnNWr5c\/0\/NMG532WZCLkd4Qw3VkZkgD6HHhrRhS9p4Wr7b7SQW\/L\/Matala-beach-crete-greece-6550-L.jpg\" alt=\"Matala strand - stadssidan\"\/><\/figure>\n\n<h3 class=\"wp-block-heading\">Praktiska r\u00e5d<\/h3>\n\n<ul class=\"wp-block-list\">\n<li>L\u00e4ngd p\u00e5 bes\u00f6ket: Minst en halv dag f\u00f6r att njuta av badet och omgivningen.<\/li>\n\n\n\n<li>Tider: Stranden \u00e4r \u00f6ppen hela dagen.<\/li>\n\n\n\n<li>Sv\u00e5righeter och tilltr\u00e4de f\u00f6r PRM: Sandstrand, relativt l\u00e4tt att n\u00e5 fr\u00e5n byn. Svagt sluttande tillg\u00e5ng till vattnet. <\/li>\n\n\n\n<li>Intr\u00e4de: Fri entr\u00e9. Solstolar och parasoller kan hyras mot en extra kostnad.<\/li>\n<\/ul>\n\n<h2 class=\"wp-block-heading\">3. Utforska byn: smala gator, gatukonst, butiker och en bohemisk atmosf\u00e4r<\/h2>\n\n<figure class=\"wp-block-image size-large\"><img decoding=\"async\" src=\"https:\/\/photos.smugmug.com\/Crete\/Matala\/Town\/i-Dfz9gKz\/0\/NVJd9CVrqhBRWjFXRHMVKVz9DtgLL4KVLkKB7C3Tj\/L\/Matala-beach-crete-greece-6541-L.jpg\" alt=\"Byn Matala - Utforska byn\"\/><\/figure>\n\n<h3 class=\"wp-block-heading\">Varf\u00f6r bes\u00f6ka?<\/h3>\n\n<p>Matala \u00e4r mycket mer \u00e4n bara en badort. Byn har en stark identitet som den har \u00e4rvt fr\u00e5n sitt hippief\u00f6rflutna. N\u00e4r du vandrar genom de smala gatorna kommer du att uppt\u00e4cka f\u00e4rgglada gatukonstfresker som pryder v\u00e4ggarna och ber\u00e4ttar om dess unika historia. Sm\u00e5 hantverks-, smyckes- och bohemiska souvenirbutiker ligger l\u00e4ngs de smala gatorna.   <\/p>\n\n<p>Vi nj\u00f6t av att vandra runt i denna avslappnade atmosf\u00e4r, d\u00e4r musik ljuder fr\u00e5n terrasserna och tiden verkar g\u00e5 l\u00e5ngsammare. Byns centrum \u00e4r kompakt och l\u00e4tt att promenera runt. H\u00e4r finns ocks\u00e5 traditionella kretensiska tavernor som \u00e4r perfekta f\u00f6r en paus p\u00e5 terrassen.  <\/p>\n\n<figure class=\"wp-block-image size-large\"><img decoding=\"async\" src=\"https:\/\/photos.smugmug.com\/Crete\/Matala\/Town\/i-KgmPZgp\/0\/L2RwNfmKfcNwWfw5DG7QWkPBmnMLWb6R9mRvr8kxS\/L\/Matala-beach-crete-greece-6542-L.jpg\" alt=\"Matala by - gatukonst\"\/><\/figure>\n\n<h3 class=\"wp-block-heading\">Praktiska r\u00e5d<\/h3>\n\n<ul class=\"wp-block-list\">\n<li>L\u00e4ngd p\u00e5 bes\u00f6ket: R\u00e4kna med 30 minuter till 2 timmar f\u00f6r att utforska byn, beroende p\u00e5 hur m\u00e5nga stopp du g\u00f6r i butikerna och p\u00e5 kaf\u00e9erna.<\/li>\n\n\n\n<li>Sv\u00e5righeter och tillg\u00e5ng f\u00f6r PRM: Smala, sluttande gator. Vissa passager kan vara sv\u00e5ra f\u00f6r personer med nedsatt r\u00f6rlighet. <\/li>\n\n\n\n<li>Tilltr\u00e4de: Byn \u00e4r helt och h\u00e5llet till fots fr\u00e5n parkeringen.<\/li>\n\n\n\n<li>Parkering: Parkeringsplats vid infarten till byn.<\/li>\n\n\n\n<li>\u00c4ta och dricka: M\u00e5nga tavernor och kaf\u00e9er<\/li>\n<\/ul>\n\n<div class=\"wp-block-columns inverse box_planif is-layout-flex wp-container-core-columns-is-layout-9d6595d7 wp-block-columns-is-layout-flex\">\n<div class=\"wp-block-column texte_planif is-layout-flow wp-block-column-is-layout-flow\" style=\"flex-basis:58%\">\n<h5 class=\"titre_box\"> HYR BIL P\u00c5 <span class=\"titre_box_manuscrit\">Kreta<\/span><\/h5>\n\n\n\n<ul style=\"font-size:14px\" class=\"wp-block-list liste_voiture\">\n<li>V\u00e5r favoritf\u00f6rmedling \u00e4r <strong><a href=\"https:\/\/www.rental-center-crete.com\/?RF=0042\" target=\"_blank\" rel=\"noreferrer noopener sponsored nofollow\">Rental Center Kreta<\/a><\/strong><br\/>allt ing\u00e5r i priset och servicen \u00e4r utm\u00e4rkt. Ingen stress! <\/li>\n\n\n\n<li>V\u00e4lj en <strong>bil <\/strong>med en hyfsad motor f\u00f6r b\u00e4ttre komfort p\u00e5 de f\u00e5 bergsv\u00e4garna<\/li>\n\n\n\n<li><strong>Boka tidigt<\/strong> f\u00f6r att f\u00e5 b\u00e4sta m\u00f6jliga val.<\/li>\n\n\n\n<li>Om du f\u00f6redrar fler alternativ kan du j\u00e4mf\u00f6ra priser p\u00e5 v\u00e5r f\u00f6redragna plattform: <a href=\"https:\/\/www.discovercars.com\/se\/greece-crete?a_aid=zigzag&amp;chan=crete\" target=\"_blank\" rel=\"noreferrer noopener nofollow\">DiscoverCars<\/a> <\/li>\n<\/ul>\n<\/div>\n\n\n\n<div class=\"wp-block-column planif-radius-3 is-layout-flow wp-block-column-is-layout-flow\" style=\"flex-basis:42%\">\n<figure class=\"wp-block-image size-large is-resized\"><img decoding=\"async\" src=\"https:\/\/photos.smugmug.com\/Crete\/Palaiochora\/Drive-Mountains-to-Palaiochora\/i-3FB5j3D\/1\/Kj7Nt7cgMJrhqF2hG3FjcJg77Cvp8csFFZ3hkBMHN\/S\/mountains-crete-greece-5128-S.jpg\" alt=\"K&#xF6;rning p&#xE5; Kreta\" title=\"\"\/><\/figure>\n<\/div>\n<\/div>\n\n<div class=\"wp-block-columns planif_bouton is-layout-flex wp-container-core-columns-is-layout-9d6595d7 wp-block-columns-is-layout-flex\">\n<div class=\"wp-block-column is-layout-flow wp-block-column-is-layout-flow\" style=\"flex-basis:50%\">\n<div class=\"wp-block-buttons is-content-justification-center is-layout-flex wp-container-core-buttons-is-layout-16018d1d wp-block-buttons-is-layout-flex\">\n<div class=\"wp-block-button\"><a class=\"wp-block-button__link has-white-color has-text-color has-custom-font-size wp-element-button\" href=\"https:\/\/www.rental-center-crete.com\/fr\/?RF=0042\" style=\"border-radius:4px;font-size:14px\" target=\"_blank\" rel=\"noreferrer noopener nofollow\">Se bilarna &gt;&gt;<\/a><\/div>\n<\/div>\n<\/div>\n\n\n\n<div class=\"wp-block-column is-vertically-aligned-center is-layout-flow wp-block-column-is-layout-flow\" style=\"flex-basis:50%\">\n<p class=\"has-text-align-center has-normal-font-size\"><strong><a href=\"https:\/\/cretelovers.com\/sv\/hur-hyr-bil-kreta-tips-erfarenhet\/\" type=\"post\" id=\"1314\" target=\"_blank\" rel=\"noreferrer noopener\">Se alla v\u00e5ra r\u00e5d<\/a><\/strong><\/p>\n<\/div>\n<\/div>\n\n<h2 class=\"wp-block-heading\">4. Beundra solnedg\u00e5ngen fr\u00e5n stranden eller klipporna<\/h2>\n\n<figure class=\"wp-block-image size-large\"><img decoding=\"async\" src=\"https:\/\/photos.smugmug.com\/Crete\/Matala\/Sunset\/i-gpg97Mr\/0\/MDfR4Jr8q3fFwWhDdD6D6mGn4RG6B9XdtkLn9CD2G\/L\/Matala-beach-crete-greece-6537-L.jpg\" alt=\"Solnedg&#xE5;ng i Matala - Beundra solnedg&#xE5;ngen\"\/><\/figure>\n\n<h3 class=\"wp-block-heading\">Varf\u00f6r bes\u00f6ka?<\/h3>\n\n<p>Solnedg\u00e5ngen i Matala \u00e4r ett \u00f6gonblick man inte f\u00e5r missa. Den v\u00e4stv\u00e4nda bukten erbjuder ett sl\u00e5ende natursk\u00e5despel n\u00e4r solen dyker ner i Libyska havet. Vi valde att titta p\u00e5 den fr\u00e5n stranden, med f\u00f6tterna i sanden, och de orangef\u00e4rgade nyanser som lyser upp klipporna l\u00e4mnade ett best\u00e5ende intryck p\u00e5 oss.    <\/p>\n\n<p>Du kan ocks\u00e5 kl\u00e4ttra upp till toppen av byn eller ta kuststigen l\u00e4ngs klipporna f\u00f6r en mer \u00f6ppen utsikt. Det \u00e4r en daglig m\u00f6tesplats som bes\u00f6kande resen\u00e4rer uppskattar lika mycket som stamg\u00e4sterna. <\/p>\n\n<figure class=\"wp-block-image size-large\"><img decoding=\"async\" src=\"https:\/\/photos.smugmug.com\/Crete\/Matala\/Sunset\/i-hDwzMk7\/0\/NBcWgQnwTrjv4rZTxCmqnMG9vcj9RzF6RhMDNq6Gn\/L\/Matala-beach-crete-greece-6525-L.jpg\" alt=\"Solnedg&#xE5;ng i Matala - utsikt &#xF6;ver bukten\"\/><\/figure>\n\n<h3 class=\"wp-block-heading\">Praktiska r\u00e5d<\/h3>\n\n<ul class=\"wp-block-list\">\n<li>L\u00e4ngd p\u00e5 bes\u00f6ket: R\u00e4kna med 30 minuter till 1 timme f\u00f6r att njuta fullt ut av f\u00f6rest\u00e4llningen.<\/li>\n\n\n\n<li>Ta dig tid att andas!<\/li>\n<\/ul>\n\n<h2 class=\"wp-block-heading\">5. Tillbringa en natt d\u00e4r om du \u00e4r p\u00e5 en roadtrip (eller bo d\u00e4r)<\/h2>\n\n<figure class=\"wp-block-image size-large\"><img decoding=\"async\" src=\"https:\/\/photos.smugmug.com\/Crete\/Matala\/Hotel\/i-3PM6bmg\/0\/MxXvDWWqqs8WmQvxwcBssgbPp46rmSH56ZxQq5SQZ\/L\/Matala-accommodation-crete-greece-7363-L.jpghttps:\/\/photos.smugmug.com\/Crete\/Matala\/Hotel\/i-J3N6Qwr\/0\/NDrTWkMzfdhZ8TTnPjSS6PNXczFZdMNTqXwZNwSkH\/L\/Matala-beach-crete-greece-7380-L.jpg\" alt=\"Bo i Matala - Utsikt fr&#xE5;n v&#xE5;rt boende\"\/><\/figure>\n\n<p>Matala \u00e4r b\u00e4st att njuta av med tiden. Om du \u00e4r p\u00e5 en roadtrip p\u00e5 Kreta rekommenderar vi att du tillbringar minst en natt h\u00e4r f\u00f6r att njuta av byatmosf\u00e4ren p\u00e5 kv\u00e4llarna, bort fr\u00e5n de stora turistcentras liv och r\u00f6relse. P\u00e5 morgonen har du stranden n\u00e4stan f\u00f6r dig sj\u00e4lv innan dagsbes\u00f6karna anl\u00e4nder.    <\/p>\n\n<p>Byn erbjuder en rad olika boendealternativ som passar olika budgetar och resestilar. Vi tyckte att detta stopp p\u00e5 s\u00f6dra delen av \u00f6n utgjorde en verklig kontrast till de livligare semesterorterna i norr. <\/p>\n\n<figure class=\"wp-block-image size-large\"><img decoding=\"async\" src=\"https:\/\/photos.smugmug.com\/Crete\/Matala\/Hotel\/i-3PM6bmg\/0\/MxXvDWWqqs8WmQvxwcBssgbPp46rmSH56ZxQq5SQZ\/L\/Matala-accommodation-crete-greece-7363-L.jpg\" alt=\"Att bo i Matala - Logi\"\/><\/figure>\n\n<ul class=\"wp-block-list\">\n<li>Hotel Matala Prime Villas och dess pool omgiven av natur<br\/><strong><a href=\"https:\/\/www.booking.com\/hotel\/gr\/matala-prime-villas.html?aid=2420175\" target=\"_blank\" rel=\"noreferrer noopener\"><\/a><a href=\"https:\/\/www.booking.com\/hotel\/gr\/akrogiali-beach-apartments.html?aid=2420175\" target=\"_blank\" rel=\"noreferrer noopener sponsored nofollow\">se priser, foton och tillg\u00e4nglighet<\/a><\/strong><\/li>\n\n\n\n<li>L\u00e4genhetshotell Die Zwei Br\u00fcder Art &amp; Suites, elegant design<br\/><strong><a href=\"https:\/\/www.booking.com\/hotel\/gr\/boutique-die-zwei-bruder-matala.html?aid=2420175\" target=\"_blank\" rel=\"noreferrer noopener\"><\/a><a href=\"https:\/\/www.booking.com\/hotel\/gr\/akrogiali-beach-apartments.html?aid=2420175\" target=\"_blank\" rel=\"noreferrer noopener sponsored nofollow\">Se priser, bilder och tillg\u00e4nglighet<\/a><\/strong><\/li>\n\n\n\n<li>Nikos Hotel, 100 meter fr\u00e5n stranden<br\/><strong><a href=\"https:\/\/www.booking.com\/hotel\/gr\/lagon-chania.fr.html?aid=2420175\" target=\"_blank\" rel=\"noreferrer noopener\"><\/a><a href=\"https:\/\/www.booking.com\/hotel\/gr\/akrogiali-beach-apartments.html?aid=2420175\" target=\"_blank\" rel=\"noreferrer noopener sponsored nofollow\">Se priser, foton och tillg\u00e4nglighet<\/a><\/strong><\/li>\n<\/ul>\n\n<p>Se <a href=\"https:\/\/www.booking.com\/hotel\/gr\/nikos-crete.html?aid=2420175\" target=\"_blank\" rel=\"noreferrer noopener sponsored nofollow\">alla topprankade boenden<\/a> direkt.<\/p>\n\n<div style=\"margin-top:8%;margin-bottom:8%\" class=\"wp-block-genesis-blocks-gb-container box gb-block-container\"><div class=\"gb-container-inside\"><div class=\"gb-container-content\" style=\"max-width:700px\">\n<div class=\"wp-block-genesis-blocks-gb-container box_titre gb-block-container\"><div class=\"gb-container-inside\"><div class=\"gb-container-content\">\n<h5 class=\"titre_box\" style=\"padding-top:10px;\">VAR MAN KAN BO P\u00c5 <span class=\"titre_box_manuscrit\">Kreta<\/span><\/h5>\n<\/div><\/div><\/div>\n\n\n\n<div class=\"wp-block-columns box_sans_border has-background is-layout-flex wp-container-core-columns-is-layout-9d6595d7 wp-block-columns-is-layout-flex\" style=\"background-color:#e32d401f\">\n<div class=\"wp-block-column texte_planif is-layout-flow wp-block-column-is-layout-flow\" style=\"font-size:14px;flex-basis:60%\">\n<p class=\"option_titre2\" style=\"font-size:16px\">V\u00e5ra oberoende urval hj\u00e4lper dig att hitta ditt <strong>dr\u00f6mboende<\/strong>:<\/p>\n\n\n\n<ul class=\"wp-block-list ul_box\">\n<li style=\"font-size:14px\"><a href=\"https:\/\/cretelovers.com\/sv\/var-ska-bo-kreta-basta-omradena\/\" type=\"post\" id=\"1315\" target=\"_blank\" rel=\"noreferrer noopener\">Var du ska bo p\u00e5 Kreta<\/a><\/li>\n\n\n\n<li style=\"font-size:14px\">De vackraste hotellen (kommer snart)<\/li>\n\n\n\n<li style=\"font-size:14px\">5-stj\u00e4rniga hotell (kommer snart)<\/li>\n\n\n\n<li style=\"font-size:14px\">Boutiquehotell (kommer snart)<\/li>\n\n\n\n<li style=\"font-size:14px\">Hotell f\u00f6r familjer (kommer snart)<\/li>\n\n\n\n<li style=\"font-size:14px\">Hotell endast f\u00f6r vuxna (kommer snart)<\/li>\n<\/ul>\n\n\n\n<p style=\"font-size:16px\"><strong>V\u00e4lj efter stad:<\/strong><\/p>\n\n\n\n<ul class=\"wp-block-list\">\n<li style=\"font-size:14px\"><a href=\"https:\/\/cretelovers.com\/sv\/var-kan-bo-heraklion-basta-hotellen-stadsdelarna\/\" target=\"_blank\" rel=\"noreferrer noopener\">B\u00e4sta hotellen i Heraklion<\/a><\/li>\n\n\n\n<li style=\"font-size:14px\"><a href=\"https:\/\/cretelovers.com\/sv\/var-kan-bo-chania-basta-hotellen-stadsdelarna\/\" type=\"post\" id=\"1702\" target=\"_blank\" rel=\"noreferrer noopener\">B\u00e4sta hotellen i Chania<\/a><\/li>\n\n\n\n<li style=\"font-size:14px\"><a href=\"https:\/\/cretelovers.com\/sv\/var-kan-bo-rethymnon-basta-hotellen-stadsdelarna\/\" type=\"post\" id=\"1547\" target=\"_blank\" rel=\"noreferrer noopener\">B\u00e4sta hotell i Rethymnon<\/a><\/li>\n\n\n\n<li style=\"font-size:14px\">B\u00e4sta hotell i Malia (kommer snart)<\/li>\n<\/ul>\n<\/div>\n\n\n\n<div class=\"wp-block-column is-vertically-aligned-top planif-radius is-layout-flow wp-block-column-is-layout-flow\" style=\"flex-basis:40%\">\n<figure class=\"wp-block-image size-large img-portrait\"><img decoding=\"async\" src=\"https:\/\/photos.smugmug.com\/Crete\/Heraklion\/Hotels\/Bestof\/i-fLGMkMK\/0\/L66bMh6wKn2THJXJcJfvSvzkRCkQB8mzwrnzGBNBL\/L\/heraklion%20bests%20hotels%20-%20life%20beach-2-L.jpg\" alt=\"Paralos Lifestyle Beach\" title=\"\"\/><\/figure>\n<\/div>\n<\/div>\n<\/div><\/div><\/div>\n\n<h2 class=\"wp-block-heading\">6. Vandring till Red Beach<\/h2>\n\n<figure class=\"wp-block-image size-large\"><img decoding=\"async\" src=\"https:\/\/photos.smugmug.com\/Crete\/Matala\/Extra\/i-j4H9wnz\/0\/LD5c3BPDzwq3JvLgfzd6jNrwB5nwb5xgLQDrDb9jb\/L\/Matala_beach_Crete_DP_12749458-L.jpg\" alt=\"Promenad till Red Beach\"\/><\/figure>\n\n<h3 class=\"wp-block-heading\">Varf\u00f6r bes\u00f6ka?<\/h3>\n\n<p>Red Beach \u00e4r en av naturattraktionerna i Matala-omr\u00e5det. Den h\u00e4r avskilda stranden har f\u00e5tt sitt namn efter den r\u00f6daktiga f\u00e4rgen p\u00e5 sanden och klipporna. Du kommer dit genom att f\u00f6lja en g\u00e5ngstig som b\u00f6rjar i s\u00f6dra \u00e4nden av Matalas huvudstrand.    <\/p>\n\n<p>Anstr\u00e4ngningen bel\u00f6nas med vild natur och en strand med f\u00e5 bes\u00f6kare, perfekt f\u00f6r bad. Kom ih\u00e5g att ta med vatten och solskydd, eftersom det inte finns n\u00e5gra faciliteter p\u00e5 plats. <\/p>\n\n<figure class=\"wp-block-image size-large\"><img decoding=\"async\" src=\"https:\/\/photos.smugmug.com\/Crete\/Matala\/Extra\/i-6PxqKhT\/0\/NSd5ww9mJQfB7QsQsKvsSVcz4F2R8CNqwsDXbwr6T\/L\/Matala_red_beach_crete_DP_158697486-L.jpg\" alt=\"Promenad till Red Beach\"\/><\/figure>\n\n<h3 class=\"wp-block-heading\">Praktiska r\u00e5d<\/h3>\n\n<ul class=\"wp-block-list\">\n<li>20 till 25 minuter ungef\u00e4r:  <\/li>\n\n\n\n<li>Stigen \u00e4r brant p\u00e5 sina st\u00e4llen och kr\u00e4ver bra skor.  <\/li>\n\n\n\n<li>Inga anl\u00e4ggningar<\/li>\n<\/ul>\n\n<h2 class=\"wp-block-heading\">7. Bes\u00f6k det minoiska palatset Phaistos<\/h2>\n\n<figure class=\"wp-block-image size-large\"><img decoding=\"async\" src=\"https:\/\/photos.smugmug.com\/Crete\/Matala\/Phaistos\/i-QvSzn3r\/1\/KQKtZ35TDLFQZrKpDXHkC2G5dQcVTHWcjKj9n8bjP\/L\/Palace-phaistos-crete-greece-6566-L.jpg\" alt=\"Bes&#xF6;k det minoiska palatset Phaistos\"\/><\/figure>\n\n<h3 class=\"wp-block-heading\">Varf\u00f6r bes\u00f6ka?<\/h3>\n\n<p>Phaistos-palatset \u00e4r den n\u00e4st st\u00f6rsta minoiska platsen p\u00e5 Kreta. Detta antika palats ger en anm\u00e4rkningsv\u00e4rd inblick i den minoiska civilisationen. L\u00e4mningarna dominerar Messara-sl\u00e4tten. Vi var imponerade av platsens storlek och det vackra panoramat \u00f6ver de omgivande bergen.     <\/p>\n\n<p>Phaistos var ocks\u00e5 platsen f\u00f6r uppt\u00e4ckten av den ber\u00f6mda Phaistos-skivan, ett av de mest g\u00e5tfulla f\u00f6rem\u00e5len i Medelhavets arkeologi (nu p\u00e5 <a href=\"https:\/\/cretelovers.com\/sv\/besok-arkeologiskt-museum-heraklion\/\" type=\"post\" id=\"1283\" target=\"_blank\" rel=\"noreferrer noopener\">museet i Heraklion<\/a>). Du kan ocks\u00e5 utforska ruinerna av den centrala innerg\u00e5rden, butikerna och de kungliga l\u00e4genheterna. Ett m\u00e5ste f\u00f6r den historieintresserade.  <\/p>\n\n<figure class=\"wp-block-image size-large\"><img decoding=\"async\" src=\"https:\/\/photos.smugmug.com\/Crete\/Matala\/Phaistos\/i-3wbQrtk\/1\/KbWPx9SNK6B83pGQXDbSDfcjSndwPVWwVCcZ9ZwV5\/L\/Palace-phaistos-crete-greece-6589-L.jpg\" alt=\"Bes&#xF6;k det minoiska palatset Phaistos\"\/><\/figure>\n\n<h3 class=\"wp-block-heading\">Praktiska r\u00e5d<\/h3>\n\n<ul class=\"wp-block-list\">\n<li>Fr\u00e5n Matala: 10 min bilresa<\/li>\n\n\n\n<li>L\u00e4ttillg\u00e4nglig fr\u00e5n huvudv\u00e4gen 97<\/li>\n\n\n\n<li>Bes\u00f6kets l\u00e4ngd: 1 till 2 timmar<\/li>\n\n\n\n<li>Pris f\u00f6r full vuxen: 15 euro<\/li>\n\n\n\n<li>\u00d6ppettider: 8.00 till 18.00<\/li>\n\n\n\n<li>Se den <a href=\"http:\/\/odysseus.culture.gr\/h\/3\/eh355.jsp?obj_id=2363\" target=\"_blank\" rel=\"noreferrer noopener nofollow\">officiella sidan<\/a><\/li>\n\n\n\n<li>M\u00e5nga f\u00f6rklarande paneler med vackra teckningar<\/li>\n\n\n\n<li>Vissa trappor och sluttningar, s\u00e5 ha bekv\u00e4ma skor p\u00e5 dig<\/li>\n<\/ul>\n\n<h2 class=\"wp-block-heading\">8. Utforska den arkeologiska platsen Gortyna<\/h2>\n\n<figure class=\"wp-block-image size-large\"><img decoding=\"async\" src=\"https:\/\/photos.smugmug.com\/Crete\/South-Coast\/Gortyna-ruins\/i-3QrrrgV\/1\/MBBShxJhsM6zRGMf6NZ73d96bsqL2xQg6kJGkhxkQ\/L\/ruins-gortyna-crete-greece-6667-L.jpg\" alt=\"Utforska den arkeologiska platsen Gortyna\"\/><\/figure>\n\n<h3 class=\"wp-block-heading\">Varf\u00f6r bes\u00f6ka?<\/h3>\n\n<p>Den arkeologiska platsen Gortyna (eller Gortyne) ligger ca 30 km fr\u00e5n Matala och vittnar om makten i denna antika stad, som var den romerska huvudstaden p\u00e5 Kreta. Bland l\u00e4mningarna kan du beundra de graverade inskriptionerna i Gortynes lagbok, en av de \u00e4ldsta europeiska lagb\u00f6ckerna. <\/p>\n\n<p>Vi tyckte att den h\u00e4r platsen var s\u00e4rskilt intressant f\u00f6r att f\u00f6rst\u00e5 Messarasl\u00e4ttens historiska betydelse. Platsen \u00e4r omfattande och delvis i det fria, vilket g\u00f6r det trevligt att bes\u00f6ka utanf\u00f6r de varmaste timmarna. <\/p>\n\n<p>Det \u00e4r en av de <a href=\"https:\/\/cretelovers.com\/sv\/basta-arkeologiska-platserna-kreta\/\" type=\"post\" id=\"1312\" target=\"_blank\" rel=\"noreferrer noopener\">b\u00e4sta arkeologiska platserna p\u00e5 Kreta<\/a>.<\/p>\n\n<figure class=\"wp-block-image size-large\"><img decoding=\"async\" src=\"https:\/\/photos.smugmug.com\/Crete\/South-Coast\/Gortyna-ruins\/i-zkjf4V2\/1\/MS8Gh8DK2dpcBWRJq5XsXhWKGZbJbLjP6knwGDn4B\/L\/ruins-gortyna-crete-greece-6679-L.jpg\" alt=\"Gortyna: v&#xE4;gg lagar\"\/><\/figure>\n\n<h3 class=\"wp-block-heading\">Praktiska r\u00e5d<\/h3>\n\n<ul class=\"wp-block-list\">\n<li>Fr\u00e5n Matala: 25 min bilresa<\/li>\n\n\n\n<li>Enkel \u00e5tkomst via huvudv\u00e4gen 97<\/li>\n\n\n\n<li>Det finns gott om parkeringsplatser<\/li>\n\n\n\n<li>Bes\u00f6kets l\u00e4ngd: 1 timme<\/li>\n\n\n\n<li>Pris f\u00f6r full vuxen: 10 euro<\/li>\n\n\n\n<li>\u00d6ppettider under s\u00e4song: minst fr\u00e5n kl. 8.00 till 18.00 varje dag<\/li>\n\n\n\n<li>Se den <a href=\"http:\/\/odysseus.culture.gr\/h\/3\/eh355.jsp?obj_id=2355\" target=\"_blank\" rel=\"noreferrer noopener nofollow\">officiella sidan<\/a><\/li>\n\n\n\n<li>L\u00e4ttnavigerad webbplats<\/li>\n<\/ul>\n\n<h2 class=\"wp-block-heading\">9. B\u00e5tutflykt, snorkling eller vattensporter<\/h2>\n\n<figure class=\"wp-block-image size-large\"><img decoding=\"async\" src=\"https:\/\/photos.smugmug.com\/Crete\/Matala\/Sunset\/i-2dvMhVC\/0\/M9HQCRPrdkZXwjpMB5XHks64dKnwdnh2sJXGpt4FB\/L\/Matala-beach-crete-greece-6505-L.jpg\" alt=\"Matala - B&#xE5;tutflykter och vattensporter\"\/><\/figure>\n\n<p>Om du vill utforska kusten fr\u00e5n en annan vinkel finns det ett antal vattensporter tillg\u00e4ngliga i Matala. B\u00e5tturer tar dig l\u00e4ngs klipporna och in i otillg\u00e4ngliga vikar. Snorkling \u00e4r ocks\u00e5 mycket popul\u00e4rt tack vare det klara vattnet. F\u00f6r den sp\u00e4nningss\u00f6kande finns det \u00e4ven vattenskotrar och trampb\u00e5tar att hyra p\u00e5 huvudstranden.     <\/p>\n\n<h2 class=\"wp-block-heading\">10. Vandring genom Agiofaragos ravin till stranden<\/h2>\n\n<figure class=\"wp-block-image size-large\"><img decoding=\"async\" src=\"https:\/\/photos.smugmug.com\/Crete\/Extra\/i-qKXCh9C\/0\/KmMBsMQZ5gKtsdbq9nL46q6Vfst6b9BqWC2CxF8Vg\/L\/Agiofarago-L.jpg\" alt=\"Gorges d'Agiofarago - Vandring i ravinerna\"\/><\/figure>\n\n<h3 class=\"wp-block-heading\">Varf\u00f6r bes\u00f6ka?<\/h3>\n\n<p>Agiofarago Gorge \u00e4r en spektakul\u00e4r promenad som slutar p\u00e5 en avskild strand vid havet. Stigen g\u00e5r ner mellan h\u00f6ga klippv\u00e4ggar och korsar ett torrt landskap med sm\u00e5 troglodytkapell. Vi imponerades av klippornas vertikalitet och kontrasten mellan kanjonens torrhet och strandens svalka vid m\u00e5let.    <\/p>\n\n<h3 class=\"wp-block-heading\">Praktiska r\u00e5d<\/h3>\n\n<p>Det tar cirka 30 minuter att n\u00e5 viken. Stigen \u00e4r tillg\u00e4nglig f\u00f6r m\u00e5ttliga vandrare, men vandringsk\u00e4ngor rekommenderas. En utflykt som du inte f\u00e5r missa om du \u00e4lskar naturen och or\u00f6rda landskap.  <\/p>\n\n<div style=\"background-color:#fefefe;margin-top:6%;margin-bottom:6%\" class=\"wp-block-genesis-blocks-gb-container box gb-block-container\"><div class=\"gb-container-inside\"><div class=\"gb-container-content\" style=\"max-width:700px\">\n<div class=\"wp-block-columns inverse is-layout-flex wp-container-core-columns-is-layout-9d6595d7 wp-block-columns-is-layout-flex\">\n<div class=\"wp-block-column texte_planif is-layout-flow wp-block-column-is-layout-flow\" style=\"flex-basis:58%\">\n<h5 class=\"titre_box\">LITE MER <span class=\"titre_box_manuscrit\">t\u00e5lamod<\/span><\/h5>\n\n\n\n<p style=\"font-size:14px\">Alla foton, kartor, information och anv\u00e4ndbara adresser som du beh\u00f6ver f\u00f6r att f\u00e5 ut det mesta av <strong>din vistelse p\u00e5 Kreta<\/strong> kommer <strong>snart<\/strong> att finnas tillg\u00e4ngliga i en enda e-bok!<\/p>\n\n\n\n<p style=\"font-size:14px\">Kommer snart!  <\/p>\n<\/div>\n\n\n\n<div class=\"wp-block-column is-layout-flow wp-block-column-is-layout-flow\" style=\"flex-basis:42%\">\n<div class=\"wp-block-genesis-blocks-gb-container ebook-radius-waitlist gb-block-container\"><div class=\"gb-container-inside\"><div class=\"gb-container-content\"><div class=\"wp-block-image ebook-image\">\n<figure class=\"aligncenter size-large\"><img decoding=\"async\" src=\"https:\/\/loirelovers.fr\/wp-content\/uploads\/2023\/03\/ebooks_CorseNormandie_FR.png\" alt=\"Box Ebook Korsika FR\"\/><\/figure>\n<\/div><\/div><\/div><\/div>\n<\/div>\n<\/div>\n<\/div><\/div><\/div>\n\n<h2 class=\"wp-block-heading\">Vad man kan g\u00f6ra i Matala: andra id\u00e9er<\/h2>\n\n<h3 class=\"wp-block-heading\">Bes\u00f6k klostret Odigitria<\/h3>\n\n<p>Odigitria-klostret fr\u00e5n 1300-talet ligger i ett torrt, isolerat landskap n\u00e5gra kilometer fr\u00e5n Matala. Detta bef\u00e4sta kloster vittnar om Kretas religi\u00f6sa och defensiva historia. Vi nj\u00f6t av lugnet och tystnaden p\u00e5 platsen och den robusta arkitekturen, typisk f\u00f6r kretensiska kloster som byggdes f\u00f6r att st\u00e5 emot invasioner. H\u00e4r kan du uppt\u00e4cka en liten kyrka utsmyckad med ikoner och njuta av tystnaden p\u00e5 den omgivande landsbygden. Ett bes\u00f6k som avrundar en dags utforskning av s\u00f6dra delen av \u00f6n.    <\/p>\n\n<h3 class=\"wp-block-heading\">Bes\u00f6k Kommos strand och dess minoiska arkeologiska utgr\u00e4vning<\/h3>\n\n<p>Kommos-stranden ligger bara 2 km fr\u00e5n Matala och \u00e4r en l\u00e5ng str\u00e4cka med vild sand som kantas av sanddyner. H\u00e4r finns ocks\u00e5 en minoisk arkeologisk utgr\u00e4vningsplats, d\u00e4r man har hittat resterna av en gammal handelshamn. Vi tyckte att det var en s\u00e4rskilt fridfull plats, l\u00e5ngt borta fr\u00e5n folkmassorna p\u00e5 huvudstranden. Du kan v\u00e4xla mellan att simma och utforska ruinerna l\u00e4ngs stranden. Kombinationen av natur och historia g\u00f6r Kommos till ett unikt stopp i regionen.    <\/p>\n\n<h2 class=\"wp-block-heading\">Utflykter fr\u00e5n Matala<\/h2>\n\n<p>Matala \u00e4r en utm\u00e4rkt bas f\u00f6r att utforska s\u00f6dra och centrala Kreta. Flera dagsutflykter finns tillg\u00e4ngliga med bil, mindre \u00e4n en och en halv timme bort: <\/p>\n\n<h3 class=\"wp-block-heading\">Rethymnon<\/h3>\n\n<figure class=\"wp-block-image size-large\"><img decoding=\"async\" src=\"https:\/\/photos.smugmug.com\/Crete\/Rethymnon\/Venetian-Fortezza\/i-nnDGVDW\/0\/KT4R6643xmQsKnP54pc9fZkPP4Zb5mJDFTVtqwhWr\/L\/rethymno_fort-L.jpg\" alt=\"Rethymnon - F&#xE4;stning\"\/><\/figure>\n\n<p>Rethymnon, p\u00e5 nordkusten, \u00e4r en stad med obestridlig charm. Den historiska venetianska stadsk\u00e4rnan \u00e4r full av smala gator, gamla font\u00e4ner och byggnader med anm\u00e4rkningsv\u00e4rd arkitektur. Vi \u00e4lskade sk\u00f6nheten i den venetianska f\u00e4stningen, Fortezza, som dominerar den gamla stadsdelen. Du kan ocks\u00e5 promenera l\u00e4ngs den gamla hamnen och prova kretensiska r\u00e4tter i tavernorna som ligger l\u00e4ngs den.   <br\/><a href=\"https:\/\/cretelovers.com\/sv\/sevardheter-rethymnon-att-gora\/\" type=\"post\" id=\"2079\" target=\"_blank\" rel=\"noreferrer noopener\">Se de b\u00e4sta attraktionerna.<\/a><\/p>\n\n<h3 class=\"wp-block-heading\">Triopetra och Preveli (str\u00e4nder + kloster)<\/h3>\n\n<figure class=\"wp-block-image size-large\"><img decoding=\"async\" src=\"https:\/\/photos.smugmug.com\/Crete\/South-Coast\/Preveli-beach\/i-vcZ5XbH\/1\/LSgS9bXWZfPMc83KrW2VFVdrrsb5BGJpBfLmDbPbm\/L\/Preveli-beach-crete-greece-6225-L.jpg\" alt=\"Preveli  \"\/><figcaption class=\"wp-element-caption\">Preveli<\/figcaption><\/figure>\n\n<p>Triopetra Beach, som har f\u00e5tt sitt namn efter de tre klipporna som sticker upp ur havet, \u00e4r en vild och or\u00f6rd kuststr\u00e4cka p\u00e5 s\u00f6dra Kreta.  <br\/>L\u00e4ngre \u00f6sterut ligger stranden Preveli, som \u00e4r k\u00e4nd f\u00f6r sin palmlund och floden som rinner ut i havet. Preveli-klostret, som ligger h\u00f6gt \u00f6ver kusten, kompletterar denna utflykt med sin historia om kretensiskt motst\u00e5nd. Vi tyckte att den h\u00e4r kombinationen av strand och kloster var perfekt f\u00f6r en varierad dagsutflykt.  <\/p>\n\n<h3 class=\"wp-block-heading\">Heraklion och Knossos<\/h3>\n\n<figure class=\"wp-block-image size-large\"><img decoding=\"async\" src=\"https:\/\/photos.smugmug.com\/Crete\/Heraklion\/Knossos\/i-bqCx93Q\/1\/KL2NbMQxDds8qpj6zZVLPPbTM5VCV8WvDdW8NQcKx\/L\/palace-Knossos-crete-greece-3537-L.jpg\" alt=\"Knossos  \"\/><\/figure>\n\n<p><a href=\"https:\/\/cretelovers.com\/sv\/sevardheter-kreta-att-gora\/\" type=\"post\" id=\"1454\" target=\"_blank\" rel=\"noreferrer noopener\">Heraklion<\/a>, huvudstaden p\u00e5 Kreta, ligger cirka 1 timme och 15 minuters bilresa fr\u00e5n Matala. H\u00e4r kan du bes\u00f6ka det arkeologiska museet, ett av de viktigaste i Grekland, som rymmer skatter fr\u00e5n den minoiska civilisationen. N\u00e5gra kilometer fr\u00e5n staden ligger palatset i Knossos, som \u00e4r \u00f6ns mest bes\u00f6kta arkeologiska plats. Vi fascinerades av de delvisa rekonstruktionerna av palatset och av den antika stadens enorma storlek.   <\/p>\n\n<h3 class=\"wp-block-heading\">Klostret Arkadi<\/h3>\n\n<figure class=\"wp-block-image size-large\"><img decoding=\"async\" src=\"https:\/\/photos.smugmug.com\/Crete\/North-Coast\/Arkadi-Monastery\/i-qsTPSKF\/1\/MpFG6DxLrvpfmW8drRf2NNc3jbSRHdKNQk43LtPjF\/L\/arkadi-monasrtery-crete-greece-3944-L.jpg\" alt=\"Klostret Arkadi  \"\/><\/figure>\n\n<p>Arkadi-klostret \u00e4r en symbol f\u00f6r det kretensiska motst\u00e5ndet mot den ottomanska ockupationen. Detta 1500-talskloster ligger p\u00e5 kullarna i Rethymnon-regionen och \u00e4r anm\u00e4rkningsv\u00e4rt f\u00f6r sin ren\u00e4ssansfasad och sin tragiska historia. Vi blev ber\u00f6rda av den symboliska kraften i denna plats, som var sk\u00e5deplatsen f\u00f6r en heroisk episod 1866. Du kan bes\u00f6ka kyrkan, museet och klostertr\u00e4dg\u00e5rden, i en fridfull milj\u00f6 omgiven av olivlundar.   <\/p>\n\n<h2 class=\"wp-block-heading\">\u00c4r byn Matala v\u00e4rd ett bes\u00f6k?<\/h2>\n\n<p>Absolut. Matala \u00e4r en liten by p\u00e5 s\u00f6dra Kreta med en autentisk, bohemisk k\u00e4nsla och en kustlinje av r\u00e5 sk\u00f6nhet. Grottorna, stranden, gatukonsten och solnedg\u00e5ngen \u00e4r tillr\u00e4ckligt f\u00f6r att fylla en dag eller tv\u00e5.   <\/p>\n\n<p>Vi tycker att Matala \u00e4r ett perfekt stopp p\u00e5 en bilresa till s\u00f6dra delen av \u00f6n, som kan kombineras med ett bes\u00f6k p\u00e5 Phaistos, Red Beach eller Agiofarago Gorge. Om du \u00e4r ute efter lugn och ro, natur och en plats som genomsyras av historia \u00e4r Matala v\u00e4l v\u00e4rt ett bes\u00f6k. Det \u00e4r en av <a href=\"https:\/\/cretelovers.com\/sv\/sevardheter-kreta-att-gora\/\" type=\"post\" id=\"1454\" target=\"_blank\" rel=\"noreferrer noopener\">Kretas mest sev\u00e4rda platser<\/a> och en av dess vackraste byar.  <\/p>\n\n<h2 class=\"wp-block-heading\">Anv\u00e4ndbara tips f\u00f6r att bes\u00f6ka Matala<\/h2>\n\n<h3 class=\"wp-block-heading\">Var ligger Matala?<\/h3>\n\n<ul class=\"wp-block-list\">\n<li>Matala \u00e4r en kustby p\u00e5 Kretas sydkust, i Heraklions prefektur.<\/li>\n\n\n\n<li>Fr\u00e5n Matala till Heraklion = ca 1h15 med bil  <\/li>\n\n\n\n<li>Fr\u00e5n Matala till Rethymnon = ca 1h35 bilresa  <\/li>\n\n\n\n<li>Fr\u00e5n Matala till Chania = 2h30 bilresa<\/li>\n\n\n\n<li>H\u00e4r \u00e4r en karta som hj\u00e4lper dig att hitta r\u00e4tt:<\/li>\n<\/ul>\n\n<figure class=\"wp-block-image size-full\"><img decoding=\"async\" src=\"https:\/\/cretelovers.com\/wp-content\/uploads\/2026\/04\/karta-Matala-Kreta.jpg\" alt=\"Matala Kreta-kort\" class=\"wp-image-2381\"\/><figcaption class=\"wp-element-caption\">Karta: Matala p\u00e5 Kreta<\/figcaption><\/figure>\n\n<h3 class=\"wp-block-heading\">Hur kommer jag till Matala?<\/h3>\n\n<p>N\u00e4rmaste flygplats \u00e4r Heraklion (Nikos Kazantzakis), cirka 1 timme och 15 minuters bilresa bort. Matala betj\u00e4nas inte av kollektivtrafik s\u00e4rskilt ofta. En hyrbil \u00e4r det mest praktiska s\u00e4ttet att ta sig till byn och utforska det omgivande omr\u00e5det. KTEL-bussar g\u00e5r mellan Heraklion och Matala, men tidtabellerna \u00e4r begr\u00e4nsade, s\u00e4rskilt utanf\u00f6r s\u00e4songen.   <\/p>\n\n<h3 class=\"wp-block-heading\">Parkering i Matala<\/h3>\n\n<p>Matala har en stor parkeringsplats vid infarten till byn. Under h\u00f6gs\u00e4song kan den fyllas snabbt, s\u00e4rskilt mitt p\u00e5 dagen. Vi rekommenderar att du anl\u00e4nder tidigt p\u00e5 morgonen f\u00f6r att hitta en plats utan problem. Det finns en andra parkering lite l\u00e4ngre bak, n\u00e5gra minuters promenad fr\u00e5n centrum.   <\/p>\n\n<h3 class=\"wp-block-heading\">Var man kan \u00e4ta i Matala<\/h3>\n\n<p>Matala har flera traditionella tavernor d\u00e4r du kan prova kretensiska r\u00e4tter. Byn erbjuder bord p\u00e5 strandpromenaden, perfekt f\u00f6r en m\u00e5ltid framf\u00f6r solnedg\u00e5ngen.   <\/p>\n\n<h3 class=\"wp-block-heading\">Bes\u00f6ka Matala p\u00e5 vintern<\/h3>\n\n<p>Matala p\u00e5 vintern ser helt annorlunda ut \u00e4n under sommars\u00e4songen. Byn blir lugnare och de flesta turistanl\u00e4ggningar st\u00e4nger. Du kan dock fortfarande njuta av grottorna, promenaderna och lugnet vid kusten utan att beh\u00f6va g\u00e5 igenom folkmassorna. Vi rekommenderar att du kontrollerar \u00f6ppettiderna f\u00f6r platserna och restaurangerna f\u00f6re ditt bes\u00f6k, eftersom m\u00e5nga av dem minskar sin verksamhet mellan november och mars.   <\/p>\n\n<div style=\"margin-top:8%;margin-bottom:8%\" class=\"wp-block-genesis-blocks-gb-container box gb-block-container\"><div class=\"gb-container-inside\"><div class=\"gb-container-content\" style=\"max-width:700px\">\n<div class=\"wp-block-genesis-blocks-gb-container box_titre gb-block-container\"><div class=\"gb-container-inside\"><div class=\"gb-container-content\">\n<h5 class=\"titre_box\">PLANERA DIN RESA TILL <span class=\"titre_box_manuscrit\">Kreta<\/span><\/h5>\n<\/div><\/div><\/div>\n\n\n\n<hr class=\"wp-block-separator has-text-color has-alpha-channel-opacity has-background is-style-wide hr-box-planif\" style=\"background-color:#ccd3dd;color:#ccd3dd\"\/>\n\n\n\n<div class=\"wp-block-columns box_sans_border is-layout-flex wp-container-core-columns-is-layout-9d6595d7 wp-block-columns-is-layout-flex\">\n<div class=\"wp-block-column texte_planif is-layout-flow wp-block-column-is-layout-flow\" style=\"font-size:14px;flex-basis:60%\">\n<ul class=\"wp-block-list\">\n<li><strong>B\u00e4st av<\/strong><\/li>\n<\/ul>\n\n\n\n<p class=\"ul_box\" style=\"font-size:14px\"><a href=\"https:\/\/cretelovers.com\/sv\/sevardheter-kreta-att-gora\/\" target=\"_blank\" rel=\"noreferrer noopener\">Vad man kan g\u00f6ra p\u00e5 Kreta<\/a><br\/><a href=\"https:\/\/cretelovers.com\/sv\/landskap-kreta-foton\/\" target=\"_blank\" rel=\"noreferrer noopener\">De vackraste landskapen<\/a><br\/><a href=\"https:\/\/cretelovers.com\/sv\/basta-staderna-kreta\/\" type=\"post\" id=\"1318\" target=\"_blank\" rel=\"noreferrer noopener\">De vackraste st\u00e4derna<\/a><br\/><a href=\"https:\/\/cretelovers.com\/sv\/basta-stranderna-kreta\/\" target=\"_blank\" rel=\"noreferrer noopener\">Vackraste str\u00e4nderna p\u00e5 Kreta<\/a><br\/><a href=\"https:\/\/cretelovers.com\/sv\/basta-arkeologiska-platserna-kreta\/\" type=\"post\" id=\"1312\" target=\"_blank\" rel=\"noreferrer noopener\">B\u00e4sta arkeologiska platser<\/a><br\/><a href=\"https:\/\/cretelovers.com\/sv\/basta-museerna-kreta\/\" type=\"post\" id=\"2082\" target=\"_blank\" rel=\"noreferrer noopener\">B\u00e4sta museerna<\/a><\/p>\n<\/div>\n\n\n\n<div class=\"wp-block-column is-vertically-aligned-top planif-radius is-layout-flow wp-block-column-is-layout-flow\" style=\"flex-basis:40%\">\n<figure class=\"wp-block-image size-large img-portrait\"><img decoding=\"async\" src=\"https:\/\/photos.smugmug.com\/Crete\/West-coast\/Elafonisi\/i-x5dSBxj\/1\/LrC3vJRwn2w2NNLJchz3z2Qrcs8TNRnmXhG2cNbPB\/S\/Elafonisi-beach-crete-greece-4929-S.jpg\" alt=\"Elafonis\" title=\"\"\/><\/figure>\n<\/div>\n<\/div>\n\n\n\n<hr class=\"wp-block-separator has-text-color has-alpha-channel-opacity has-background is-style-wide hr-box-planif\" style=\"background-color:#ccd3dd;color:#ccd3dd\"\/>\n\n\n\n<div class=\"wp-block-columns box_sans_border is-layout-flex wp-container-core-columns-is-layout-9d6595d7 wp-block-columns-is-layout-flex\">\n<div class=\"wp-block-column texte_planif is-layout-flow wp-block-column-is-layout-flow\" style=\"flex-basis:60%\">\n<ul class=\"wp-block-list\">\n<li><strong>Praktiska r\u00e5d<\/strong><\/li>\n<\/ul>\n\n\n\n<p style=\"font-size:14px\"><br\/>N\u00e4r ska jag \u00e5ka <br\/><a href=\"https:\/\/cretelovers.com\/sv\/hur-hyr-bil-kreta-tips-erfarenhet\/\" type=\"post\" id=\"1314\" target=\"_blank\" rel=\"noreferrer noopener\">Hur man hyr en bil p\u00e5 Kreta<\/a><br\/><a href=\"https:\/\/cretelovers.com\/sv\/korning-kreta-tips\/\" type=\"post\" id=\"1313\" target=\"_blank\" rel=\"noreferrer noopener\">K\u00f6rtips<\/a><\/p>\n\n\n\n<p style=\"font-size:14px\">Resplaner <br\/>Road trip <a href=\"https:\/\/cretelovers.com\/sv\/kreta-roadtrip-resplan-veckor\/\" type=\"post\" id=\"2335\" target=\"_blank\" rel=\"noreferrer noopener\">3 veckor<\/a> &#8211; <a href=\"https:\/\/cretelovers.com\/sv\/road-trip-crete-itineraire-2-semaines\/\" type=\"post\" id=\"2353\" target=\"_blank\" rel=\"noreferrer noopener\">2 veckor<\/a><\/p>\n\n\n\n<p style=\"font-size:14px\"><a href=\"https:\/\/cretelovers.com\/sv\/var-ska-bo-kreta-basta-omradena\/\" type=\"post\" id=\"1315\" target=\"_blank\" rel=\"noreferrer noopener\">Var du ska bo p\u00e5 Kreta<\/a><\/p>\n<\/div>\n\n\n\n<div class=\"wp-block-column is-vertically-aligned-top planif-radius is-layout-flow wp-block-column-is-layout-flow\" style=\"flex-basis:40%\">\n<figure class=\"wp-block-image size-large img-portrait\"><img decoding=\"async\" src=\"https:\/\/photos.smugmug.com\/Crete\/Drive-and-transport\/i-DJvTDGC\/1\/M9MhLCfzhPQxPX4q3dKsWZFhqQbbhSTwpzXrr8rNH\/S\/driving-crete-greece-3662-S.jpg\" alt=\"K&#xF6;rning p&#xE5; Kreta\" title=\"\"\/><\/figure>\n<\/div>\n<\/div>\n\n\n\n<hr class=\"wp-block-separator has-text-color has-alpha-channel-opacity has-background is-style-wide hr-box-planif\" style=\"background-color:#ccd3dd;color:#ccd3dd\"\/>\n\n\n\n<div class=\"wp-block-columns box_sans_border is-layout-flex wp-container-core-columns-is-layout-9d6595d7 wp-block-columns-is-layout-flex\">\n<div class=\"wp-block-column texte_planif is-layout-flow wp-block-column-is-layout-flow\" style=\"flex-basis:60%\">\n<ul class=\"wp-block-list\">\n<li><strong>Det du m\u00e5ste ha<\/strong><\/li>\n<\/ul>\n\n\n\n<p style=\"font-size:14px\"><a href=\"https:\/\/cretelovers.com\/sv\/sevardheter-chania-att-gora\/\" type=\"post\" id=\"1736\" target=\"_blank\" rel=\"noreferrer noopener\">Sev\u00e4rdheter i Chania<\/a><br\/><a href=\"https:\/\/cretelovers.com\/sv\/sevardheter-rethymnon-att-gora\/\" type=\"post\" id=\"2079\" target=\"_blank\" rel=\"noreferrer noopener\">Sev\u00e4rdheter i Rethymnon<\/a><br\/><a href=\"https:\/\/cretelovers.com\/sv\/sevardheter-heraklion-att-gora\/\" target=\"_blank\" rel=\"noreferrer noopener\">Sev\u00e4rdheter i Heraklion<\/a><br\/><a href=\"https:\/\/cretelovers.com\/sv\/sevardheter-matala-att-gora\/\" type=\"post\" id=\"2334\" target=\"_blank\" rel=\"noreferrer noopener\">Matala<\/a><br\/>Balos Lagoon <br\/><br\/> Spinalonga Elafonissi<br\/><\/p>\n<\/div>\n\n\n\n<div class=\"wp-block-column is-vertically-aligned-top planif-radius is-layout-flow wp-block-column-is-layout-flow\" style=\"flex-basis:40%\">\n<figure class=\"wp-block-image size-large img-portrait\"><img decoding=\"async\" src=\"https:\/\/photos.smugmug.com\/Crete\/Balos-Lagoon\/Balos-lagoon\/i-BB2sfDs\/1\/KTfRRrPdcrrf8XBRLFQ62Ms3GX8rtD6p9xRgqztr8\/S\/boat-lagoon-crete-greece-4525-S.jpg\" alt=\"Balos lagun\" title=\"\"\/><\/figure>\n<\/div>\n<\/div>\n\n\n\n<div style=\"height:30px\" aria-hidden=\"true\" class=\"wp-block-spacer\"><\/div>\n<\/div><\/div><\/div>\n\n<div class=\"wp-block-genesis-blocks-gb-container box_auteur_voyage gb-block-container\"><div class=\"gb-container-inside\"><div class=\"gb-container-content\">\n<figure class=\"wp-block-image size-large img_auteur_voyage\"><a href=\"https:\/\/cretelovers.com\/sv\/claire-robinson\/\" target=\"_blank\" rel=\"noreferrer noopener\"><img decoding=\"async\" src=\"https:\/\/photos.smugmug.com\/Madeira-Lovers\/Portraits-equipe\/i-WCb99j5\/0\/2d0b98a0\/L\/regionlovers-3-L.jpg\" alt=\"\"\/><\/a><\/figure>\n\n\n\n<h5 class=\"titre_auteur_voyage\"><span>HON GJORDE RESAN OCH SKREV ARTIKELN \n <\/span><span class=\"titre_box_manuscrit\">Claire<\/span><\/h5>\n<\/div><\/div><\/div>\n","protected":false},"excerpt":{"rendered":"<p>Planerar du en resa till Kreta? Matala, en liten kustby p\u00e5 s\u00f6dra delen av \u00f6n, \u00e4r en av v\u00e5ra st\u00f6rsta uppt\u00e4ckter. Vi blev f\u00f6rf\u00f6rda av de ber\u00f6mda grottorna som \u00e4r uthuggna i klipporna, den gyllene stranden, den bohemiska atmosf\u00e4ren som \u00e4rvts fr\u00e5n hippie\u00e5ren och den r\u00e5a sk\u00f6nheten i landskapet mellan havet och bergen. Uppt\u00e4ck v\u00e5ra [&hellip;]<\/p>\n","protected":false},"author":1,"featured_media":2380,"comment_status":"closed","ping_status":"closed","sticky":false,"template":"","format":"standard","meta":{"_genesis_hide_title":false,"_genesis_hide_breadcrumbs":false,"_genesis_hide_singular_image":false,"_genesis_hide_footer_widgets":false,"_genesis_custom_body_class":"","_genesis_custom_post_class":"","_genesis_layout":"","footnotes":""},"categories":[151],"tags":[],"class_list":{"0":"post-2409","1":"post","2":"type-post","3":"status-publish","4":"format-standard","5":"has-post-thumbnail","7":"category-matala","8":"entry"},"yoast_head":"<!-- This site is optimized with the Yoast SEO plugin v27.5 - https:\/\/yoast.com\/product\/yoast-seo-wordpress\/ -->\n<title>12 sev\u00e4rdheter i Matala (+foton)<\/title>\n<meta name=\"description\" content=\"Uppt\u00e4ck v\u00e5rt urval av de b\u00e4sta sev\u00e4rdheterna i Matala + alla v\u00e5ra tips och foton f\u00f6r att bes\u00f6ka Matala\" \/>\n<meta name=\"robots\" content=\"index, follow, max-snippet:-1, max-image-preview:large, max-video-preview:-1\" \/>\n<link rel=\"canonical\" href=\"https:\/\/cretelovers.com\/sv\/sevardheter-matala-att-gora\/\" \/>\n<meta property=\"og:locale\" content=\"sv_SE\" \/>\n<meta property=\"og:type\" content=\"article\" \/>\n<meta property=\"og:title\" content=\"12 sev\u00e4rdheter i Matala (+foton)\" \/>\n<meta property=\"og:description\" content=\"Uppt\u00e4ck v\u00e5rt urval av de b\u00e4sta sev\u00e4rdheterna i Matala + alla v\u00e5ra tips och foton f\u00f6r att bes\u00f6ka Matala\" \/>\n<meta property=\"og:url\" content=\"https:\/\/cretelovers.com\/sv\/sevardheter-matala-att-gora\/\" \/>\n<meta property=\"og:site_name\" content=\"Crete Lovers\" \/>\n<meta property=\"article:published_time\" content=\"2026-04-29T13:45:13+00:00\" \/>\n<meta property=\"article:modified_time\" content=\"2026-04-29T14:21:47+00:00\" \/>\n<meta property=\"og:image\" content=\"https:\/\/cretelovers.com\/wp-content\/uploads\/2026\/04\/sevardheter-Matala-att-gora.jpg\" \/>\n\t<meta property=\"og:image:width\" content=\"800\" \/>\n\t<meta property=\"og:image:height\" content=\"600\" \/>\n\t<meta property=\"og:image:type\" content=\"image\/jpeg\" \/>\n<meta name=\"author\" content=\"Claire\" \/>\n<meta name=\"twitter:card\" content=\"summary_large_image\" \/>\n<meta name=\"twitter:label1\" content=\"Skriven av\" \/>\n\t<meta name=\"twitter:data1\" content=\"Claire\" \/>\n\t<meta name=\"twitter:label2\" content=\"Ber\u00e4knad l\u00e4stid\" \/>\n\t<meta name=\"twitter:data2\" content=\"13 minuter\" \/>\n<script type=\"application\/ld+json\" class=\"yoast-schema-graph\">{\"@context\":\"https:\\\/\\\/schema.org\",\"@graph\":[{\"@type\":\"Article\",\"@id\":\"https:\\\/\\\/cretelovers.com\\\/sv\\\/sevardheter-matala-att-gora\\\/#article\",\"isPartOf\":{\"@id\":\"https:\\\/\\\/cretelovers.com\\\/sv\\\/sevardheter-matala-att-gora\\\/\"},\"author\":{\"name\":\"Claire\",\"@id\":\"https:\\\/\\\/cretelovers.com\\\/sv\\\/#\\\/schema\\\/person\\\/5cbf80d712ab269f3efff3a36482baa0\"},\"headline\":\"12 sev\u00e4rdheter i Matala (+foton)\",\"datePublished\":\"2026-04-29T13:45:13+00:00\",\"dateModified\":\"2026-04-29T14:21:47+00:00\",\"mainEntityOfPage\":{\"@id\":\"https:\\\/\\\/cretelovers.com\\\/sv\\\/sevardheter-matala-att-gora\\\/\"},\"wordCount\":2555,\"publisher\":{\"@id\":\"https:\\\/\\\/cretelovers.com\\\/sv\\\/#organization\"},\"image\":{\"@id\":\"https:\\\/\\\/cretelovers.com\\\/sv\\\/sevardheter-matala-att-gora\\\/#primaryimage\"},\"thumbnailUrl\":\"https:\\\/\\\/cretelovers.com\\\/wp-content\\\/uploads\\\/2026\\\/04\\\/sevardheter-Matala-att-gora.jpg\",\"articleSection\":[\"Matala\"],\"inLanguage\":\"sv-SE\"},{\"@type\":\"WebPage\",\"@id\":\"https:\\\/\\\/cretelovers.com\\\/sv\\\/sevardheter-matala-att-gora\\\/\",\"url\":\"https:\\\/\\\/cretelovers.com\\\/sv\\\/sevardheter-matala-att-gora\\\/\",\"name\":\"12 sev\u00e4rdheter i Matala (+foton)\",\"isPartOf\":{\"@id\":\"https:\\\/\\\/cretelovers.com\\\/sv\\\/#website\"},\"primaryImageOfPage\":{\"@id\":\"https:\\\/\\\/cretelovers.com\\\/sv\\\/sevardheter-matala-att-gora\\\/#primaryimage\"},\"image\":{\"@id\":\"https:\\\/\\\/cretelovers.com\\\/sv\\\/sevardheter-matala-att-gora\\\/#primaryimage\"},\"thumbnailUrl\":\"https:\\\/\\\/cretelovers.com\\\/wp-content\\\/uploads\\\/2026\\\/04\\\/sevardheter-Matala-att-gora.jpg\",\"datePublished\":\"2026-04-29T13:45:13+00:00\",\"dateModified\":\"2026-04-29T14:21:47+00:00\",\"description\":\"Uppt\u00e4ck v\u00e5rt urval av de b\u00e4sta sev\u00e4rdheterna i Matala + alla v\u00e5ra tips och foton f\u00f6r att bes\u00f6ka Matala\",\"breadcrumb\":{\"@id\":\"https:\\\/\\\/cretelovers.com\\\/sv\\\/sevardheter-matala-att-gora\\\/#breadcrumb\"},\"inLanguage\":\"sv-SE\",\"potentialAction\":[{\"@type\":\"ReadAction\",\"target\":[\"https:\\\/\\\/cretelovers.com\\\/sv\\\/sevardheter-matala-att-gora\\\/\"]}]},{\"@type\":\"ImageObject\",\"inLanguage\":\"sv-SE\",\"@id\":\"https:\\\/\\\/cretelovers.com\\\/sv\\\/sevardheter-matala-att-gora\\\/#primaryimage\",\"url\":\"https:\\\/\\\/cretelovers.com\\\/wp-content\\\/uploads\\\/2026\\\/04\\\/sevardheter-Matala-att-gora.jpg\",\"contentUrl\":\"https:\\\/\\\/cretelovers.com\\\/wp-content\\\/uploads\\\/2026\\\/04\\\/sevardheter-Matala-att-gora.jpg\",\"width\":800,\"height\":600,\"caption\":\"sevardheter Matala att gora\"},{\"@type\":\"BreadcrumbList\",\"@id\":\"https:\\\/\\\/cretelovers.com\\\/sv\\\/sevardheter-matala-att-gora\\\/#breadcrumb\",\"itemListElement\":[{\"@type\":\"ListItem\",\"position\":1,\"name\":\"Accueil\",\"item\":\"https:\\\/\\\/cretelovers.com\\\/sv\\\/\"},{\"@type\":\"ListItem\",\"position\":2,\"name\":\"Matala\",\"item\":\"https:\\\/\\\/cretelovers.com\\\/sv\\\/matala\\\/\"},{\"@type\":\"ListItem\",\"position\":3,\"name\":\"12 sev\u00e4rdheter i Matala (+foton)\"}]},{\"@type\":\"WebSite\",\"@id\":\"https:\\\/\\\/cretelovers.com\\\/sv\\\/#website\",\"url\":\"https:\\\/\\\/cretelovers.com\\\/sv\\\/\",\"name\":\"Crete Lovers\",\"description\":\"\",\"publisher\":{\"@id\":\"https:\\\/\\\/cretelovers.com\\\/sv\\\/#organization\"},\"potentialAction\":[{\"@type\":\"SearchAction\",\"target\":{\"@type\":\"EntryPoint\",\"urlTemplate\":\"https:\\\/\\\/cretelovers.com\\\/sv\\\/?s={search_term_string}\"},\"query-input\":{\"@type\":\"PropertyValueSpecification\",\"valueRequired\":true,\"valueName\":\"search_term_string\"}}],\"inLanguage\":\"sv-SE\"},{\"@type\":\"Organization\",\"@id\":\"https:\\\/\\\/cretelovers.com\\\/sv\\\/#organization\",\"name\":\"Crete Lovers\",\"url\":\"https:\\\/\\\/cretelovers.com\\\/sv\\\/\",\"logo\":{\"@type\":\"ImageObject\",\"inLanguage\":\"sv-SE\",\"@id\":\"https:\\\/\\\/cretelovers.com\\\/sv\\\/#\\\/schema\\\/logo\\\/image\\\/\",\"url\":\"https:\\\/\\\/cretelovers.com\\\/wp-content\\\/uploads\\\/2024\\\/05\\\/cropped-Crete-Lovers-Logos-RVB_Principal-bicolore.png\",\"contentUrl\":\"https:\\\/\\\/cretelovers.com\\\/wp-content\\\/uploads\\\/2024\\\/05\\\/cropped-Crete-Lovers-Logos-RVB_Principal-bicolore.png\",\"width\":2194,\"height\":745,\"caption\":\"Crete Lovers\"},\"image\":{\"@id\":\"https:\\\/\\\/cretelovers.com\\\/sv\\\/#\\\/schema\\\/logo\\\/image\\\/\"}},{\"@type\":\"Person\",\"@id\":\"https:\\\/\\\/cretelovers.com\\\/sv\\\/#\\\/schema\\\/person\\\/5cbf80d712ab269f3efff3a36482baa0\",\"name\":\"Claire\",\"image\":{\"@type\":\"ImageObject\",\"inLanguage\":\"sv-SE\",\"@id\":\"https:\\\/\\\/secure.gravatar.com\\\/avatar\\\/e3566233826c32de8d7c9ef726a1087654b12cadb092acc17ee1d357687192ff?s=96&d=mm&r=g\",\"url\":\"https:\\\/\\\/secure.gravatar.com\\\/avatar\\\/e3566233826c32de8d7c9ef726a1087654b12cadb092acc17ee1d357687192ff?s=96&d=mm&r=g\",\"contentUrl\":\"https:\\\/\\\/secure.gravatar.com\\\/avatar\\\/e3566233826c32de8d7c9ef726a1087654b12cadb092acc17ee1d357687192ff?s=96&d=mm&r=g\",\"caption\":\"Claire\"},\"sameAs\":[\"https:\\\/\\\/cretelovers.com\\\/claire-robinson\\\/\"],\"url\":\"https:\\\/\\\/cretelovers.com\\\/sv\\\/author\\\/cretelovers\\\/\"}]}<\/script>\n<!-- \/ Yoast SEO plugin. -->","yoast_head_json":{"title":"12 sev\u00e4rdheter i Matala (+foton)","description":"Uppt\u00e4ck v\u00e5rt urval av de b\u00e4sta sev\u00e4rdheterna i Matala + alla v\u00e5ra tips och foton f\u00f6r att bes\u00f6ka Matala","robots":{"index":"index","follow":"follow","max-snippet":"max-snippet:-1","max-image-preview":"max-image-preview:large","max-video-preview":"max-video-preview:-1"},"canonical":"https:\/\/cretelovers.com\/sv\/sevardheter-matala-att-gora\/","og_locale":"sv_SE","og_type":"article","og_title":"12 sev\u00e4rdheter i Matala (+foton)","og_description":"Uppt\u00e4ck v\u00e5rt urval av de b\u00e4sta sev\u00e4rdheterna i Matala + alla v\u00e5ra tips och foton f\u00f6r att bes\u00f6ka Matala","og_url":"https:\/\/cretelovers.com\/sv\/sevardheter-matala-att-gora\/","og_site_name":"Crete Lovers","article_published_time":"2026-04-29T13:45:13+00:00","article_modified_time":"2026-04-29T14:21:47+00:00","og_image":[{"width":800,"height":600,"url":"https:\/\/cretelovers.com\/wp-content\/uploads\/2026\/04\/sevardheter-Matala-att-gora.jpg","type":"image\/jpeg"}],"author":"Claire","twitter_card":"summary_large_image","twitter_misc":{"Skriven av":"Claire","Ber\u00e4knad l\u00e4stid":"13 minuter"},"schema":{"@context":"https:\/\/schema.org","@graph":[{"@type":"Article","@id":"https:\/\/cretelovers.com\/sv\/sevardheter-matala-att-gora\/#article","isPartOf":{"@id":"https:\/\/cretelovers.com\/sv\/sevardheter-matala-att-gora\/"},"author":{"name":"Claire","@id":"https:\/\/cretelovers.com\/sv\/#\/schema\/person\/5cbf80d712ab269f3efff3a36482baa0"},"headline":"12 sev\u00e4rdheter i Matala (+foton)","datePublished":"2026-04-29T13:45:13+00:00","dateModified":"2026-04-29T14:21:47+00:00","mainEntityOfPage":{"@id":"https:\/\/cretelovers.com\/sv\/sevardheter-matala-att-gora\/"},"wordCount":2555,"publisher":{"@id":"https:\/\/cretelovers.com\/sv\/#organization"},"image":{"@id":"https:\/\/cretelovers.com\/sv\/sevardheter-matala-att-gora\/#primaryimage"},"thumbnailUrl":"https:\/\/cretelovers.com\/wp-content\/uploads\/2026\/04\/sevardheter-Matala-att-gora.jpg","articleSection":["Matala"],"inLanguage":"sv-SE"},{"@type":"WebPage","@id":"https:\/\/cretelovers.com\/sv\/sevardheter-matala-att-gora\/","url":"https:\/\/cretelovers.com\/sv\/sevardheter-matala-att-gora\/","name":"12 sev\u00e4rdheter i Matala (+foton)","isPartOf":{"@id":"https:\/\/cretelovers.com\/sv\/#website"},"primaryImageOfPage":{"@id":"https:\/\/cretelovers.com\/sv\/sevardheter-matala-att-gora\/#primaryimage"},"image":{"@id":"https:\/\/cretelovers.com\/sv\/sevardheter-matala-att-gora\/#primaryimage"},"thumbnailUrl":"https:\/\/cretelovers.com\/wp-content\/uploads\/2026\/04\/sevardheter-Matala-att-gora.jpg","datePublished":"2026-04-29T13:45:13+00:00","dateModified":"2026-04-29T14:21:47+00:00","description":"Uppt\u00e4ck v\u00e5rt urval av de b\u00e4sta sev\u00e4rdheterna i Matala + alla v\u00e5ra tips och foton f\u00f6r att bes\u00f6ka Matala","breadcrumb":{"@id":"https:\/\/cretelovers.com\/sv\/sevardheter-matala-att-gora\/#breadcrumb"},"inLanguage":"sv-SE","potentialAction":[{"@type":"ReadAction","target":["https:\/\/cretelovers.com\/sv\/sevardheter-matala-att-gora\/"]}]},{"@type":"ImageObject","inLanguage":"sv-SE","@id":"https:\/\/cretelovers.com\/sv\/sevardheter-matala-att-gora\/#primaryimage","url":"https:\/\/cretelovers.com\/wp-content\/uploads\/2026\/04\/sevardheter-Matala-att-gora.jpg","contentUrl":"https:\/\/cretelovers.com\/wp-content\/uploads\/2026\/04\/sevardheter-Matala-att-gora.jpg","width":800,"height":600,"caption":"sevardheter Matala att gora"},{"@type":"BreadcrumbList","@id":"https:\/\/cretelovers.com\/sv\/sevardheter-matala-att-gora\/#breadcrumb","itemListElement":[{"@type":"ListItem","position":1,"name":"Accueil","item":"https:\/\/cretelovers.com\/sv\/"},{"@type":"ListItem","position":2,"name":"Matala","item":"https:\/\/cretelovers.com\/sv\/matala\/"},{"@type":"ListItem","position":3,"name":"12 sev\u00e4rdheter i Matala (+foton)"}]},{"@type":"WebSite","@id":"https:\/\/cretelovers.com\/sv\/#website","url":"https:\/\/cretelovers.com\/sv\/","name":"Crete Lovers","description":"","publisher":{"@id":"https:\/\/cretelovers.com\/sv\/#organization"},"potentialAction":[{"@type":"SearchAction","target":{"@type":"EntryPoint","urlTemplate":"https:\/\/cretelovers.com\/sv\/?s={search_term_string}"},"query-input":{"@type":"PropertyValueSpecification","valueRequired":true,"valueName":"search_term_string"}}],"inLanguage":"sv-SE"},{"@type":"Organization","@id":"https:\/\/cretelovers.com\/sv\/#organization","name":"Crete Lovers","url":"https:\/\/cretelovers.com\/sv\/","logo":{"@type":"ImageObject","inLanguage":"sv-SE","@id":"https:\/\/cretelovers.com\/sv\/#\/schema\/logo\/image\/","url":"https:\/\/cretelovers.com\/wp-content\/uploads\/2024\/05\/cropped-Crete-Lovers-Logos-RVB_Principal-bicolore.png","contentUrl":"https:\/\/cretelovers.com\/wp-content\/uploads\/2024\/05\/cropped-Crete-Lovers-Logos-RVB_Principal-bicolore.png","width":2194,"height":745,"caption":"Crete Lovers"},"image":{"@id":"https:\/\/cretelovers.com\/sv\/#\/schema\/logo\/image\/"}},{"@type":"Person","@id":"https:\/\/cretelovers.com\/sv\/#\/schema\/person\/5cbf80d712ab269f3efff3a36482baa0","name":"Claire","image":{"@type":"ImageObject","inLanguage":"sv-SE","@id":"https:\/\/secure.gravatar.com\/avatar\/e3566233826c32de8d7c9ef726a1087654b12cadb092acc17ee1d357687192ff?s=96&d=mm&r=g","url":"https:\/\/secure.gravatar.com\/avatar\/e3566233826c32de8d7c9ef726a1087654b12cadb092acc17ee1d357687192ff?s=96&d=mm&r=g","contentUrl":"https:\/\/secure.gravatar.com\/avatar\/e3566233826c32de8d7c9ef726a1087654b12cadb092acc17ee1d357687192ff?s=96&d=mm&r=g","caption":"Claire"},"sameAs":["https:\/\/cretelovers.com\/claire-robinson\/"],"url":"https:\/\/cretelovers.com\/sv\/author\/cretelovers\/"}]}},"featured_image_src":"https:\/\/cretelovers.com\/wp-content\/uploads\/2026\/04\/sevardheter-Matala-att-gora-600x400.jpg","featured_image_src_square":"https:\/\/cretelovers.com\/wp-content\/uploads\/2026\/04\/sevardheter-Matala-att-gora-600x600.jpg","author_info":{"display_name":"Claire","author_link":"https:\/\/cretelovers.com\/sv\/author\/cretelovers\/"},"_links":{"self":[{"href":"https:\/\/cretelovers.com\/sv\/wp-json\/wp\/v2\/posts\/2409","targetHints":{"allow":["GET"]}}],"collection":[{"href":"https:\/\/cretelovers.com\/sv\/wp-json\/wp\/v2\/posts"}],"about":[{"href":"https:\/\/cretelovers.com\/sv\/wp-json\/wp\/v2\/types\/post"}],"author":[{"embeddable":true,"href":"https:\/\/cretelovers.com\/sv\/wp-json\/wp\/v2\/users\/1"}],"replies":[{"embeddable":true,"href":"https:\/\/cretelovers.com\/sv\/wp-json\/wp\/v2\/comments?post=2409"}],"version-history":[{"count":0,"href":"https:\/\/cretelovers.com\/sv\/wp-json\/wp\/v2\/posts\/2409\/revisions"}],"wp:featuredmedia":[{"embeddable":true,"href":"https:\/\/cretelovers.com\/sv\/wp-json\/wp\/v2\/media\/2380"}],"wp:attachment":[{"href":"https:\/\/cretelovers.com\/sv\/wp-json\/wp\/v2\/media?parent=2409"}],"wp:term":[{"taxonomy":"category","embeddable":true,"href":"https:\/\/cretelovers.com\/sv\/wp-json\/wp\/v2\/categories?post=2409"},{"taxonomy":"post_tag","embeddable":true,"href":"https:\/\/cretelovers.com\/sv\/wp-json\/wp\/v2\/tags?post=2409"}],"curies":[{"name":"wp","href":"https:\/\/api.w.org\/{rel}","templated":true}]}}